{"id":1120,"date":"2014-03-16T20:24:26","date_gmt":"2014-03-16T19:24:26","guid":{"rendered":"http:\/\/planetcyborg.de\/blogs\/mieke\/?p=1120"},"modified":"2022-09-24T14:39:07","modified_gmt":"2022-09-24T12:39:07","slug":"nachtrag","status":"publish","type":"post","link":"https:\/\/weltheit.eu\/?p=1120","title":{"rendered":"Nachtrag"},"content":{"rendered":"<p>Wirklich interessant, wie viele Menschen mich auf meinen letzten Post angesprochen oder angeschrieben haben. Erstmal freut es mich, wenn ihr Interesse zeigt an dem was ich schreibe, klar. Aber &#8211; anscheinend haben mich keineswegs alle richtig verstanden, schade eigentlich. Ich dachte ich h\u00e4tte \u201eendlich mal\u201d deutlich und nicht durch irgendwelche Metaphern und Blumen geschrieben.<\/p>\n<p>Gut, dann gibt es hier also einen Nachtrag zu dem Post.<\/p>\n<p>1. Mir geht es gut, Danke.<\/p>\n<p>2. Es ist meine Meinung \u00fcber die ich hier schreibe, mein Eindruck. Gemischt mit den Erkenntnissen aus einem Bericht, ich denke das habe ich deutlich gesagt &#8211; wieso kritisiert man daran rum? Das tue ich doch auch in keinster Weise.<\/p>\n<p>3. Ich habe mich durchaus \u201eschlau\u201d gemacht, bevor ich das geschrieben habe was hier nun steht. Ich habe erstens den Artikel gelesen, welcher den Ausl\u00f6ser bot und des Weiteren macht sich jeder Mensch seine eigenen Gedanken zum Thema &#8211; oder es w\u00e4re sch\u00f6n wenn es jeder tut.<br \/>\nIch habe mich bereits mit einigen Menschen unterhalten, die betroffen sind von Depressionen. Die dar\u00fcber nachdenken oder dachten, sich das Leben zu nehmen. Nicht alle haben so offen \u00fcber den Kern des Problems geredet, bei einigen konnte man es nur erahnen, vermuten, dass eine tiefe, psychische Verletzung f\u00fcr die Gedanken verantwortlich ist. Dass da etwas in ihnen lauert, was das Leben schwer und dunkel macht.<br \/>\nWarum sollte die Meinung dieser Menschen, nur weil sie vielleicht nicht gleich mit dem Zaunpfahl winken, mir einen schlechteren Eindruck von der Materie geben, als jemand der jeden Tag \u00fcber sein Elend schreibt? Ich finde es schwer mit Menschen umzugehen, die offen und scheinbar gerne leiden. Weil es h\u00e4ufig so \u00fcberzogen und theatralisch, sarkastisch \u00fcbertraurig wirkt. Das kann sehr schwer sein. Aber auch damit kann man umgehen!<br \/>\nUnd sicherlich ist das eine Form der Depression, aber was ich meine ist, das ist nicht die Form die ich kennengelernt habe. Ich kenne eher diese stille, schwelende Form, diese die unerkannt bleiben will und die f\u00fcr R\u00fcckzug und viel Traurigkeit sorgt. Eine Belastung, die sich auf andere Menschen auszuweiten beginnt. In meinen Augen sind die anderen Menschen, die die \u201egerne\u201c leiden, auf einem anderen Weg. Sie sind ebenso krank, das will ich niemandem \u201eabsprechen\u201c, aber sie haben eventuell, und vielleicht t\u00e4usche ich mich hier, einen Schritt gemacht, den die anderen noch nicht geschafft haben. Sie sind sich ihrer Probleme bewusst und sie gehen auf eine bestimmte Art damit um. Sie konfrontieren sich, und meist auch ihre Mitmenschen, nahezu tagt\u00e4glich mit ihrem Problem, sie verschweigen es nicht. Das ist doch genau das, was ich mir gedacht habe. Es ist wichtig, dar\u00fcber zu reden. Sicher w\u00e4re es f\u00fcr Beteiligte leichter, wenn die Betroffenen heiterer w\u00e4ren und ja, es ist anstrengend mit jemandem zu reden, der stets das schlechte in den Dingen sucht, aber wenn es hilft? Ist doch spitze. Dann macht so weiter, ehrlich &#8211; besser, als sich einsam irgendwo zu verkriechen. Vielleicht kommt man von da aus weiter.<br \/>\nAber eben weil diese Menschen schon reden richten sich meine Worte eher an die anderen, eher an eine andere \u201eForm\u201c.<br \/>\nNein, nat\u00fcrlich habe ich keine eigenen Erfahrungen mit der Depression. Nein, ich selber bin nicht krank. Aber muss ich das denn? Das w\u00e4re ja verr\u00fcckt. Es hat ja auch nicht jeder Therapeut die Probleme seines Patienten. Und wie absurd ist es bitte mir <em>vorzuwerfen<\/em> ich w\u00fcsste nicht genug \u00fcber dies Thema? Ich <em>versuche<\/em> es zumindest und rede offen dar\u00fcber. Sage, dass ich bereit bin mich hier auf Unterhaltungen einzulassen. Zuzuh\u00f6ren. Da sollte man doch froh dr\u00fcber sein, oder nicht? Oder begehe ich hiermit einen Fehler?<br \/>\nIch denke nicht. Und ich mache so weiter. Ich bleibe bei meiner Meinung und mache so weiter. Ich rede von Offenheit, dann lasst mich auch offen sein. Ich greife hier doch niemanden an &#8211; oder?<br \/>\nIch glaube nicht. Im Grunde haben mich einige auch richtig verstanden, nur ein paar vielleicht nicht. Vielleicht weil sie sich ertappt gef\u00fchlt haben. In welcher Weise auch immer. <\/p>\n<p>Das ist mir auch gar nicht wichtig zu ergr\u00fcnden. Ich wollte sagen, dass ich weiterhin so denke wie vor ein paar Wochen und, dass ich hoffe vielleicht auf l\u00e4ngere Sicht ein paar Menschen damit positiv erreicht habe. Das w\u00fcrde mich sehr freuen.<\/p>\n","protected":false},"excerpt":{"rendered":"<p>Wirklich interessant, wie viele Menschen mich auf meinen letzten Post angesprochen oder angeschrieben haben. Erstmal freut es mich, wenn ihr Interesse zeigt an dem was ich schreibe, klar. Aber &#8211; anscheinend haben mich keineswegs alle richtig verstanden, schade eigentlich. Ich dachte ich h\u00e4tte \u201eendlich mal\u201d deutlich und nicht durch irgendwelche Metaphern und Blumen geschrieben. Gut, &hellip; <\/p>\n<p class=\"link-more\"><a href=\"https:\/\/weltheit.eu\/?p=1120\" class=\"more-link\"><span class=\"screen-reader-text\">\u201eNachtrag\u201c<\/span> weiterlesen<\/a><\/p>\n","protected":false},"author":2,"featured_media":0,"comment_status":"closed","ping_status":"closed","sticky":false,"template":"","format":"standard","meta":[],"categories":[10],"tags":[],"_links":{"self":[{"href":"https:\/\/weltheit.eu\/index.php?rest_route=\/wp\/v2\/posts\/1120"}],"collection":[{"href":"https:\/\/weltheit.eu\/index.php?rest_route=\/wp\/v2\/posts"}],"about":[{"href":"https:\/\/weltheit.eu\/index.php?rest_route=\/wp\/v2\/types\/post"}],"author":[{"embeddable":true,"href":"https:\/\/weltheit.eu\/index.php?rest_route=\/wp\/v2\/users\/2"}],"replies":[{"embeddable":true,"href":"https:\/\/weltheit.eu\/index.php?rest_route=%2Fwp%2Fv2%2Fcomments&post=1120"}],"version-history":[{"count":1,"href":"https:\/\/weltheit.eu\/index.php?rest_route=\/wp\/v2\/posts\/1120\/revisions"}],"predecessor-version":[{"id":1212,"href":"https:\/\/weltheit.eu\/index.php?rest_route=\/wp\/v2\/posts\/1120\/revisions\/1212"}],"wp:attachment":[{"href":"https:\/\/weltheit.eu\/index.php?rest_route=%2Fwp%2Fv2%2Fmedia&parent=1120"}],"wp:term":[{"taxonomy":"category","embeddable":true,"href":"https:\/\/weltheit.eu\/index.php?rest_route=%2Fwp%2Fv2%2Fcategories&post=1120"},{"taxonomy":"post_tag","embeddable":true,"href":"https:\/\/weltheit.eu\/index.php?rest_route=%2Fwp%2Fv2%2Ftags&post=1120"}],"curies":[{"name":"wp","href":"https:\/\/api.w.org\/{rel}","templated":true}]}}